{"id":30948,"date":"2026-04-30T13:53:22","date_gmt":"2026-04-30T13:53:22","guid":{"rendered":"https:\/\/casa-velha.com\/?p=30948"},"modified":"2026-08-30T17:55:53","modified_gmt":"2026-08-30T17:55:53","slug":"arraial-gourmet-at-casa-velha-do-palheiro","status":"publish","type":"post","link":"https:\/\/casa-velha.com\/pt\/arraial-gourmet-at-casa-velha-do-palheiro\/","title":{"rendered":"\"Arraial Gourmet\" na Casa Velha do Palheiro"},"content":{"rendered":"<p class=\"wp-block-paragraph\"><strong>\"Arraial Gourmet\"<\/strong> nos jardins da Casa Velha do Palheiro, Relais &amp; Ch\u00e2teaux \u2014 uma celebra\u00e7\u00e3o de sabores, tradi\u00e7\u00e3o e criatividade em plena natureza.<\/p>\n\n\n\n<p class=\"wp-block-paragraph\">No pr\u00f3ximo dia 29 de agosto, a partir das 19H00, o jardim da Casa Velha do Palheiro transforma-se no palco de uma experi\u00eancia gastron\u00f3mica exclusiva, onde a autenticidade da tradi\u00e7\u00e3o madeirense se cruza com a inova\u00e7\u00e3o da cozinha contempor\u00e2nea.<\/p>\n\n\n\n<p class=\"wp-block-paragraph\">O Arraial Gourmet dar\u00e1 destaque a momentos de Live Cooking, onde a tradi\u00e7\u00e3o e os sabores regionais ganham uma nova interpreta\u00e7\u00e3o atrav\u00e9s de propostas gastron\u00f3micas contempor\u00e2neas e sofisticadas. Cada esta\u00e7\u00e3o celebrar\u00e1 o esp\u00edrito do arraial com cria\u00e7\u00f5es originais, sustent\u00e1veis e cheias de identidade, proporcionando uma experi\u00eancia aut\u00eantica e memor\u00e1vel.<\/p>\n\n\n\n<p class=\"wp-block-paragraph\">Mais do que um evento gastron\u00f3mico, ser\u00e1 uma experi\u00eancia de partilha e descoberta, envolvida pela beleza natural do espa\u00e7o e pela valoriza\u00e7\u00e3o dos produtos, da cultura e das tradi\u00e7\u00f5es da Madeira.<\/p>\n\n\n\n<div class=\"wp-block-columns is-layout-flex wp-container-core-columns-is-layout-8f761849 wp-block-columns-is-layout-flex\">\n<div class=\"wp-block-column is-layout-flow wp-block-column-is-layout-flow\" style=\"flex-basis:66.66%\">\n<p class=\"wp-block-paragraph\"><strong>Chefs participantes:<\/strong><\/p>\n\n\n\n<ul class=\"wp-block-list\">\n<li>Gon\u00e7alo Bota \u2014 Restaurante Oxalis<\/li>\n\n\n\n<li>David Jesus \u2014 Restaurante Seiva &amp; Restaurante Feitio<\/li>\n\n\n\n<li>Filipe Janeiro \u2014 Restaurante Gazebo<\/li>\n\n\n\n<li>Cesar Vieira \u2014 Restaurante Audax<\/li>\n\n\n\n<li>J\u00falio Pereira &amp; Carlos Gon\u00e7alves \u2014 Grupo Kampo<\/li>\n\n\n\n<li>Roberto Barros \u2014 Gal\u00e1xia, Savoy Palace<\/li>\n\n\n\n<li>Fabio Vieira \u2014 Restaurante Adega do Pomar<\/li>\n\n\n\n<li>Duarte Oliveira \u2014 Restaurante Vista Balancal<\/li>\n\n\n\n<li>Tony Fernandes \u2014 pasteleiro e propriet\u00e1rio da Uaucacau<\/li>\n\n\n\n<li>Joana Gon\u00e7alves \u2014 pasteleira na Choux<\/li>\n<\/ul>\n\n\n\n<p class=\"wp-block-paragraph\"><strong>Marcas convidadas:<\/strong><\/p>\n\n\n\n<ul class=\"wp-block-list\">\n<li>Ostras - Aquanostra<\/li>\n\n\n\n<li>Queijaria da av\u00f3 \u2014 Queijos dos A\u00e7ores<\/li>\n\n\n\n<li>Blandy\u2019s \u2014 Vinho Madeira<\/li>\n\n\n\n<li>Levadia Brewery \u2014 Cerveja da Madeira<\/li>\n\n\n\n<li>Reizinho \u2014 Rum da Madeira<\/li>\n\n\n\n<li>Champagne \u2014 Monopole Pommery<\/li>\n\n\n\n<li>Caf\u00e9 \u2014 Delta Caf\u00e9s<\/li>\n<\/ul>\n\n\n\n<p class=\"wp-block-paragraph\">Num ambiente elegante e acolhedor, onde a sofistica\u00e7\u00e3o se encontra com a autenticidade, cada proposta gastron\u00f3mica foi concebida para despertar os sentidos e proporcionar momentos memor\u00e1veis. Entre sabores reinventados, m\u00fasica e conv\u00edvio, o relvado do Hotel Casa Velha do Palheiro ser\u00e1 o cen\u00e1rio perfeito para uma noite de celebra\u00e7\u00e3o, descoberta e experi\u00eancias inesquec\u00edveis.<\/p>\n\n\n\n<p class=\"wp-block-paragraph\"><strong>29 de agosto de 2026 - 19H00<\/strong><br>Jardins da Casa Velha do Palheiro, Relais &amp; Ch\u00e2teaux<\/p>\n\n\n\n<p class=\"wp-block-paragraph\"><strong>Early Bird:<\/strong> 145 \u20ac por pessoa (v\u00e1lido at\u00e9 30 de junho)<br><strong>Pre\u00e7o Regular:<\/strong> 165 \u20ac por pessoa (a partir de 1 de julho)<\/p>\n\n\n\n<p class=\"wp-block-paragraph\"><em>Informamos que as reservas s\u00e3o n\u00e3o reembols\u00e1veis.<\/em><\/p>\n\n\n\n<p class=\"wp-block-paragraph\"><strong>Reservas:<\/strong><br><strong>Email:<\/strong>&nbsp;<a href=\"mailto:oxalis@palheiroestate.com\" title=\"\">oxalis@palheiroestate.com<\/a><br><strong>Tel:<\/strong> +351 291 790 350<\/p>\n<\/div>\n\n\n\n<div class=\"wp-block-column is-layout-flow wp-block-column-is-layout-flow\" style=\"flex-basis:33.33%\">\n<figure class=\"wp-block-image size-full\"><img decoding=\"async\" data-src=\"https:\/\/casa-velha.com\/wp-content\/uploads\/2026\/04\/WhatsApp-Image-2026-04-28-at-14.42.56-1.jpeg\" alt=\"\" class=\"wp-image-30950 lazyload\" src=\"data:image\/svg+xml;base64,PHN2ZyB3aWR0aD0iMSIgaGVpZ2h0PSIxIiB4bWxucz0iaHR0cDovL3d3dy53My5vcmcvMjAwMC9zdmciPjwvc3ZnPg==\" style=\"--smush-placeholder-width: 900px; --smush-placeholder-aspect-ratio: 900\/1600;\" \/><\/figure>\n\n\n\n<figure class=\"wp-block-embed is-type-video is-provider-youtube wp-block-embed-youtube wp-embed-aspect-16-9 wp-has-aspect-ratio\"><div class=\"wp-block-embed__wrapper\">\n<iframe title=\"Casa Velha do Palheiro, a Relais &amp; Ch\u00e2teaux Hotel\" width=\"500\" height=\"281\" data-src=\"https:\/\/www.youtube.com\/embed\/exIyc5-GMfY?feature=oembed\" frameborder=\"0\" allow=\"accelerometer; autoplay; clipboard-write; encrypted-media; gyroscope; picture-in-picture; web-share\" referrerpolicy=\"strict-origin-when-cross-origin\" allowfullscreen src=\"data:image\/svg+xml;base64,PHN2ZyB3aWR0aD0iMSIgaGVpZ2h0PSIxIiB4bWxucz0iaHR0cDovL3d3dy53My5vcmcvMjAwMC9zdmciPjwvc3ZnPg==\" class=\"lazyload\" data-load-mode=\"0\"><\/iframe>\n<\/div><\/figure>\n<\/div>\n<\/div>","protected":false},"excerpt":{"rendered":"<p>\"Arraial Gourmet\" in the gardens of Casa Velha do Palheiro, Relais &amp; Ch\u00e2teaux \u2014 a celebration of flavours, tradition, and creativity surrounded by nature. On August 29th, from 7pm,&nbsp;the gardens of Casa Velha do Palheiro will become the stage for an exclusive gastronomic experience, where the authenticity of Madeiran tradition meets the innovation of contemporary [&hellip;]<\/p>\n","protected":false},"author":1,"featured_media":30949,"comment_status":"closed","ping_status":"open","sticky":false,"template":"","format":"standard","meta":{"_acf_changed":false,"footnotes":""},"categories":[40],"tags":[],"class_list":["post-30948","post","type-post","status-publish","format-standard","has-post-thumbnail","hentry","category-past-events"],"acf":[],"aioseo_notices":[],"aioseo_head":"\n\t\t<!-- All in One SEO 5.0.1 - aioseo.com -->\n\t<meta name=\"description\" content=\"&quot;Arraial Gourmet&quot; in the gardens of Casa Velha do Palheiro, Relais &amp; Ch\u00e2teaux \u2014 a celebration of flavours, tradition, and creativity surrounded by nature. On August 29th, from 7pm, the gardens of Casa Velha do Palheiro will become the stage for an exclusive gastronomic experience, where the authenticity of Madeiran tradition meets the innovation of contemporary\" \/>\n\t<meta name=\"robots\" content=\"max-image-preview:large\" \/>\n\t<meta name=\"author\" content=\"admin\"\/>\n\t<link rel=\"canonical\" href=\"https:\/\/casa-velha.com\/pt\/arraial-gourmet-at-casa-velha-do-palheiro\/\" \/>\n\t<meta name=\"generator\" content=\"All in One SEO (AIOSEO) 5.0.1\" \/>\n\t\t<meta property=\"og:locale\" content=\"pt_PT\" \/>\n\t\t<meta property=\"og:site_name\" content=\"Casa Velha do Palheiro - Madeira Island Hotel\" \/>\n\t\t<meta property=\"og:type\" content=\"article\" \/>\n\t\t<meta property=\"og:title\" content=\"&quot;Arraial Gourmet&quot; at Casa Velha do Palheiro - Casa Velha do Palheiro\" \/>\n\t\t<meta property=\"og:description\" content=\"&quot;Arraial Gourmet&quot; in the gardens of Casa Velha do Palheiro, Relais &amp; Ch\u00e2teaux \u2014 a celebration of flavours, tradition, and creativity surrounded by nature. On August 29th, from 7pm, the gardens of Casa Velha do Palheiro will become the stage for an exclusive gastronomic experience, where the authenticity of Madeiran tradition meets the innovation of contemporary\" \/>\n\t\t<meta property=\"og:url\" content=\"https:\/\/casa-velha.com\/pt\/arraial-gourmet-at-casa-velha-do-palheiro\/\" \/>\n\t\t<meta property=\"og:image\" content=\"https:\/\/casa-velha.com\/wp-content\/uploads\/2023\/05\/51202534146_9f590a4849_k.jpg\" \/>\n\t\t<meta property=\"og:image:secure_url\" content=\"https:\/\/casa-velha.com\/wp-content\/uploads\/2023\/05\/51202534146_9f590a4849_k.jpg\" \/>\n\t\t<meta property=\"article:published_time\" content=\"2026-04-30T13:53:22+00:00\" \/>\n\t\t<meta property=\"article:modified_time\" content=\"2026-08-30T17:55:53+00:00\" \/>\n\t\t<meta property=\"article:publisher\" content=\"https:\/\/www.facebook.com\/hotelcasavelhadopalheiro\" \/>\n\t\t<meta name=\"twitter:card\" content=\"summary_large_image\" \/>\n\t\t<meta name=\"twitter:site\" content=\"@palheiroestate\" \/>\n\t\t<meta name=\"twitter:title\" content=\"&quot;Arraial Gourmet&quot; at Casa Velha do Palheiro - Casa Velha do Palheiro\" \/>\n\t\t<meta name=\"twitter:description\" content=\"&quot;Arraial Gourmet&quot; in the gardens of Casa Velha do Palheiro, Relais &amp; Ch\u00e2teaux \u2014 a celebration of flavours, tradition, and creativity surrounded by nature. On August 29th, from 7pm, the gardens of Casa Velha do Palheiro will become the stage for an exclusive gastronomic experience, where the authenticity of Madeiran tradition meets the innovation of contemporary\" \/>\n\t\t<meta name=\"twitter:creator\" content=\"@palheiroestate\" \/>\n\t\t<meta name=\"twitter:image\" content=\"https:\/\/casa-velha.com\/wp-content\/uploads\/2023\/05\/51202534146_9f590a4849_k.jpg\" \/>\n\t\t<script type=\"application\/ld+json\" class=\"aioseo-schema\">\n\t\t\t{\"@context\":\"https:\\\/\\\/schema.org\",\"@graph\":[{\"@type\":\"BlogPosting\",\"@id\":\"https:\\\/\\\/casa-velha.com\\\/pt\\\/arraial-gourmet-at-casa-velha-do-palheiro\\\/#blogposting\",\"name\":\"\\\"Arraial Gourmet\\\" at Casa Velha do Palheiro - Casa Velha do Palheiro\",\"headline\":\"\\\"Arraial Gourmet\\\" at Casa Velha do Palheiro\",\"author\":{\"@id\":\"https:\\\/\\\/casa-velha.com\\\/pt\\\/author\\\/admin\\\/#author\"},\"publisher\":{\"@id\":\"https:\\\/\\\/casa-velha.com\\\/pt\\\/#organization\"},\"image\":{\"@type\":\"ImageObject\",\"url\":\"https:\\\/\\\/casa-velha.com\\\/wp-content\\\/uploads\\\/2026\\\/04\\\/WhatsApp-Image-2026-04-28-at-14.42.56-e1777384654637.webp\",\"width\":1600,\"height\":700},\"datePublished\":\"2026-04-30T13:53:22+00:00\",\"dateModified\":\"2026-08-30T17:55:53+00:00\",\"inLanguage\":\"pt-PT\",\"mainEntityOfPage\":{\"@id\":\"https:\\\/\\\/casa-velha.com\\\/pt\\\/arraial-gourmet-at-casa-velha-do-palheiro\\\/#webpage\"},\"isPartOf\":{\"@id\":\"https:\\\/\\\/casa-velha.com\\\/pt\\\/arraial-gourmet-at-casa-velha-do-palheiro\\\/#webpage\"},\"articleSection\":\"Past Events\"},{\"@type\":\"BreadcrumbList\",\"@id\":\"https:\\\/\\\/casa-velha.com\\\/pt\\\/arraial-gourmet-at-casa-velha-do-palheiro\\\/#breadcrumblist\",\"itemListElement\":[{\"@type\":\"ListItem\",\"@id\":\"https:\\\/\\\/casa-velha.com\\\/pt#listItem\",\"position\":1,\"name\":\"Home\",\"item\":\"https:\\\/\\\/casa-velha.com\\\/pt\",\"nextItem\":{\"@type\":\"ListItem\",\"@id\":\"https:\\\/\\\/casa-velha.com\\\/pt\\\/category\\\/past-events\\\/#listItem\",\"name\":\"Past Events\"}},{\"@type\":\"ListItem\",\"@id\":\"https:\\\/\\\/casa-velha.com\\\/pt\\\/category\\\/past-events\\\/#listItem\",\"position\":2,\"name\":\"Past Events\",\"item\":\"https:\\\/\\\/casa-velha.com\\\/pt\\\/category\\\/past-events\\\/\",\"nextItem\":{\"@type\":\"ListItem\",\"@id\":\"https:\\\/\\\/casa-velha.com\\\/pt\\\/arraial-gourmet-at-casa-velha-do-palheiro\\\/#listItem\",\"name\":\"\\\"Arraial Gourmet\\\" at Casa Velha do Palheiro\"},\"previousItem\":{\"@type\":\"ListItem\",\"@id\":\"https:\\\/\\\/casa-velha.com\\\/pt#listItem\",\"name\":\"Home\"}},{\"@type\":\"ListItem\",\"@id\":\"https:\\\/\\\/casa-velha.com\\\/pt\\\/arraial-gourmet-at-casa-velha-do-palheiro\\\/#listItem\",\"position\":3,\"name\":\"\\\"Arraial Gourmet\\\" at Casa Velha do Palheiro\",\"previousItem\":{\"@type\":\"ListItem\",\"@id\":\"https:\\\/\\\/casa-velha.com\\\/pt\\\/category\\\/past-events\\\/#listItem\",\"name\":\"Past Events\"}}]},{\"@type\":\"Organization\",\"@id\":\"https:\\\/\\\/casa-velha.com\\\/pt\\\/#organization\",\"name\":\"Casa Velha do Palheiro\",\"description\":\"Madeira Island Hotel\",\"url\":\"https:\\\/\\\/casa-velha.com\\\/pt\\\/\",\"email\":\"reservations.casavelha@palheiroestate.com\",\"telephone\":\"+351291790350\",\"logo\":{\"@type\":\"ImageObject\",\"url\":\"https:\\\/\\\/casa-velha.com\\\/wp-content\\\/uploads\\\/2023\\\/05\\\/Casa-Velha-do-Palheiro-Logo.png\",\"@id\":\"https:\\\/\\\/casa-velha.com\\\/pt\\\/arraial-gourmet-at-casa-velha-do-palheiro\\\/#organizationLogo\"},\"image\":{\"@id\":\"https:\\\/\\\/casa-velha.com\\\/pt\\\/arraial-gourmet-at-casa-velha-do-palheiro\\\/#organizationLogo\"},\"sameAs\":[\"https:\\\/\\\/www.facebook.com\\\/hotelcasavelhadopalheiro\",\"https:\\\/\\\/twitter.com\\\/palheiroestate\",\"https:\\\/\\\/www.instagram.com\\\/Casavelhadopalheiro\\\/\",\"https:\\\/\\\/www.linkedin.com\\\/company\\\/casa-velha-do-palheiro\"]},{\"@type\":\"Person\",\"@id\":\"https:\\\/\\\/casa-velha.com\\\/pt\\\/author\\\/admin\\\/#author\",\"url\":\"https:\\\/\\\/casa-velha.com\\\/pt\\\/author\\\/admin\\\/\",\"name\":\"admin\",\"image\":{\"@type\":\"ImageObject\",\"@id\":\"https:\\\/\\\/casa-velha.com\\\/pt\\\/arraial-gourmet-at-casa-velha-do-palheiro\\\/#authorImage\",\"url\":\"https:\\\/\\\/secure.gravatar.com\\\/avatar\\\/e9868efc0c48be398b0028c280f7673033a48dd198f3788a501009386377e485?s=96&d=mm&r=g\",\"width\":96,\"height\":96,\"caption\":\"admin\"}},{\"@type\":\"WebPage\",\"@id\":\"https:\\\/\\\/casa-velha.com\\\/pt\\\/arraial-gourmet-at-casa-velha-do-palheiro\\\/#webpage\",\"url\":\"https:\\\/\\\/casa-velha.com\\\/pt\\\/arraial-gourmet-at-casa-velha-do-palheiro\\\/\",\"name\":\"\\\"Arraial Gourmet\\\" at Casa Velha do Palheiro - Casa Velha do Palheiro\",\"description\":\"\\\"Arraial Gourmet\\\" in the gardens of Casa Velha do Palheiro, Relais & Ch\\u00e2teaux \\u2014 a celebration of flavours, tradition, and creativity surrounded by nature. On August 29th, from 7pm, the gardens of Casa Velha do Palheiro will become the stage for an exclusive gastronomic experience, where the authenticity of Madeiran tradition meets the innovation of contemporary\",\"inLanguage\":\"pt-PT\",\"isPartOf\":{\"@id\":\"https:\\\/\\\/casa-velha.com\\\/pt\\\/#website\"},\"breadcrumb\":{\"@id\":\"https:\\\/\\\/casa-velha.com\\\/pt\\\/arraial-gourmet-at-casa-velha-do-palheiro\\\/#breadcrumblist\"},\"author\":{\"@id\":\"https:\\\/\\\/casa-velha.com\\\/pt\\\/author\\\/admin\\\/#author\"},\"creator\":{\"@id\":\"https:\\\/\\\/casa-velha.com\\\/pt\\\/author\\\/admin\\\/#author\"},\"image\":{\"@type\":\"ImageObject\",\"url\":\"https:\\\/\\\/casa-velha.com\\\/wp-content\\\/uploads\\\/2026\\\/04\\\/WhatsApp-Image-2026-04-28-at-14.42.56-e1777384654637.webp\",\"@id\":\"https:\\\/\\\/casa-velha.com\\\/pt\\\/arraial-gourmet-at-casa-velha-do-palheiro\\\/#mainImage\",\"width\":1600,\"height\":700},\"primaryImageOfPage\":{\"@id\":\"https:\\\/\\\/casa-velha.com\\\/pt\\\/arraial-gourmet-at-casa-velha-do-palheiro\\\/#mainImage\"},\"datePublished\":\"2026-04-30T13:53:22+00:00\",\"dateModified\":\"2026-08-30T17:55:53+00:00\"},{\"@type\":\"WebSite\",\"@id\":\"https:\\\/\\\/casa-velha.com\\\/pt\\\/#website\",\"url\":\"https:\\\/\\\/casa-velha.com\\\/pt\\\/\",\"name\":\"Casa Velha do Palheiro - Relais & Ch\\u00e2teaux\",\"alternateName\":\"Hotel Casa Velha do Palheiro\",\"description\":\"Madeira Island Hotel\",\"inLanguage\":\"pt-PT\",\"publisher\":{\"@id\":\"https:\\\/\\\/casa-velha.com\\\/pt\\\/#organization\"}}]}\n\t\t<\/script>\n\t\t<!-- All in One SEO -->\n\n","aioseo_head_json":{"title":"\"Arraial Gourmet\" at Casa Velha do Palheiro - Casa Velha do Palheiro","description":"\"Arraial Gourmet\" in the gardens of Casa Velha do Palheiro, Relais & Ch\u00e2teaux \u2014 a celebration of flavours, tradition, and creativity surrounded by nature. On August 29th, from 7pm, the gardens of Casa Velha do Palheiro will become the stage for an exclusive gastronomic experience, where the authenticity of Madeiran tradition meets the innovation of contemporary","canonical_url":"https:\/\/casa-velha.com\/pt\/arraial-gourmet-at-casa-velha-do-palheiro\/","robots":"max-image-preview:large","keywords":"","webmasterTools":{"miscellaneous":""},"schema":{"@context":"https:\/\/schema.org","@graph":[{"@type":"BlogPosting","@id":"https:\/\/casa-velha.com\/pt\/arraial-gourmet-at-casa-velha-do-palheiro\/#blogposting","name":"\"Arraial Gourmet\" at Casa Velha do Palheiro - Casa Velha do Palheiro","headline":"\"Arraial Gourmet\" at Casa Velha do Palheiro","author":{"@id":"https:\/\/casa-velha.com\/pt\/author\/admin\/#author"},"publisher":{"@id":"https:\/\/casa-velha.com\/pt\/#organization"},"image":{"@type":"ImageObject","url":"https:\/\/casa-velha.com\/wp-content\/uploads\/2026\/04\/WhatsApp-Image-2026-04-28-at-14.42.56-e1777384654637.webp","width":1600,"height":700},"datePublished":"2026-04-30T13:53:22+00:00","dateModified":"2026-08-30T17:55:53+00:00","inLanguage":"pt-PT","mainEntityOfPage":{"@id":"https:\/\/casa-velha.com\/pt\/arraial-gourmet-at-casa-velha-do-palheiro\/#webpage"},"isPartOf":{"@id":"https:\/\/casa-velha.com\/pt\/arraial-gourmet-at-casa-velha-do-palheiro\/#webpage"},"articleSection":"Past Events"},{"@type":"BreadcrumbList","@id":"https:\/\/casa-velha.com\/pt\/arraial-gourmet-at-casa-velha-do-palheiro\/#breadcrumblist","itemListElement":[{"@type":"ListItem","@id":"https:\/\/casa-velha.com\/pt#listItem","position":1,"name":"Home","item":"https:\/\/casa-velha.com\/pt","nextItem":{"@type":"ListItem","@id":"https:\/\/casa-velha.com\/pt\/category\/past-events\/#listItem","name":"Past Events"}},{"@type":"ListItem","@id":"https:\/\/casa-velha.com\/pt\/category\/past-events\/#listItem","position":2,"name":"Past Events","item":"https:\/\/casa-velha.com\/pt\/category\/past-events\/","nextItem":{"@type":"ListItem","@id":"https:\/\/casa-velha.com\/pt\/arraial-gourmet-at-casa-velha-do-palheiro\/#listItem","name":"\"Arraial Gourmet\" at Casa Velha do Palheiro"},"previousItem":{"@type":"ListItem","@id":"https:\/\/casa-velha.com\/pt#listItem","name":"Home"}},{"@type":"ListItem","@id":"https:\/\/casa-velha.com\/pt\/arraial-gourmet-at-casa-velha-do-palheiro\/#listItem","position":3,"name":"\"Arraial Gourmet\" at Casa Velha do Palheiro","previousItem":{"@type":"ListItem","@id":"https:\/\/casa-velha.com\/pt\/category\/past-events\/#listItem","name":"Past Events"}}]},{"@type":"Organization","@id":"https:\/\/casa-velha.com\/pt\/#organization","name":"Casa Velha do Palheiro","description":"Madeira Island Hotel","url":"https:\/\/casa-velha.com\/pt\/","email":"reservations.casavelha@palheiroestate.com","telephone":"+351291790350","logo":{"@type":"ImageObject","url":"https:\/\/casa-velha.com\/wp-content\/uploads\/2023\/05\/Casa-Velha-do-Palheiro-Logo.png","@id":"https:\/\/casa-velha.com\/pt\/arraial-gourmet-at-casa-velha-do-palheiro\/#organizationLogo"},"image":{"@id":"https:\/\/casa-velha.com\/pt\/arraial-gourmet-at-casa-velha-do-palheiro\/#organizationLogo"},"sameAs":["https:\/\/www.facebook.com\/hotelcasavelhadopalheiro","https:\/\/twitter.com\/palheiroestate","https:\/\/www.instagram.com\/Casavelhadopalheiro\/","https:\/\/www.linkedin.com\/company\/casa-velha-do-palheiro"]},{"@type":"Person","@id":"https:\/\/casa-velha.com\/pt\/author\/admin\/#author","url":"https:\/\/casa-velha.com\/pt\/author\/admin\/","name":"admin","image":{"@type":"ImageObject","@id":"https:\/\/casa-velha.com\/pt\/arraial-gourmet-at-casa-velha-do-palheiro\/#authorImage","url":"https:\/\/secure.gravatar.com\/avatar\/e9868efc0c48be398b0028c280f7673033a48dd198f3788a501009386377e485?s=96&d=mm&r=g","width":96,"height":96,"caption":"admin"}},{"@type":"WebPage","@id":"https:\/\/casa-velha.com\/pt\/arraial-gourmet-at-casa-velha-do-palheiro\/#webpage","url":"https:\/\/casa-velha.com\/pt\/arraial-gourmet-at-casa-velha-do-palheiro\/","name":"\"Arraial Gourmet\" at Casa Velha do Palheiro - Casa Velha do Palheiro","description":"\"Arraial Gourmet\" in the gardens of Casa Velha do Palheiro, Relais & Ch\u00e2teaux \u2014 a celebration of flavours, tradition, and creativity surrounded by nature. On August 29th, from 7pm, the gardens of Casa Velha do Palheiro will become the stage for an exclusive gastronomic experience, where the authenticity of Madeiran tradition meets the innovation of contemporary","inLanguage":"pt-PT","isPartOf":{"@id":"https:\/\/casa-velha.com\/pt\/#website"},"breadcrumb":{"@id":"https:\/\/casa-velha.com\/pt\/arraial-gourmet-at-casa-velha-do-palheiro\/#breadcrumblist"},"author":{"@id":"https:\/\/casa-velha.com\/pt\/author\/admin\/#author"},"creator":{"@id":"https:\/\/casa-velha.com\/pt\/author\/admin\/#author"},"image":{"@type":"ImageObject","url":"https:\/\/casa-velha.com\/wp-content\/uploads\/2026\/04\/WhatsApp-Image-2026-04-28-at-14.42.56-e1777384654637.webp","@id":"https:\/\/casa-velha.com\/pt\/arraial-gourmet-at-casa-velha-do-palheiro\/#mainImage","width":1600,"height":700},"primaryImageOfPage":{"@id":"https:\/\/casa-velha.com\/pt\/arraial-gourmet-at-casa-velha-do-palheiro\/#mainImage"},"datePublished":"2026-04-30T13:53:22+00:00","dateModified":"2026-08-30T17:55:53+00:00"},{"@type":"WebSite","@id":"https:\/\/casa-velha.com\/pt\/#website","url":"https:\/\/casa-velha.com\/pt\/","name":"Casa Velha do Palheiro - Relais & Ch\u00e2teaux","alternateName":"Hotel Casa Velha do Palheiro","description":"Madeira Island Hotel","inLanguage":"pt-PT","publisher":{"@id":"https:\/\/casa-velha.com\/pt\/#organization"}}]},"og:locale":"pt_PT","og:site_name":"Casa Velha do Palheiro - Madeira Island Hotel","og:type":"article","og:title":"&quot;Arraial Gourmet&quot; at Casa Velha do Palheiro - Casa Velha do Palheiro","og:description":"&quot;Arraial Gourmet&quot; in the gardens of Casa Velha do Palheiro, Relais &amp; Ch\u00e2teaux \u2014 a celebration of flavours, tradition, and creativity surrounded by nature. On August 29th, from 7pm, the gardens of Casa Velha do Palheiro will become the stage for an exclusive gastronomic experience, where the authenticity of Madeiran tradition meets the innovation of contemporary","og:url":"https:\/\/casa-velha.com\/pt\/arraial-gourmet-at-casa-velha-do-palheiro\/","og:image":"https:\/\/casa-velha.com\/wp-content\/uploads\/2023\/05\/51202534146_9f590a4849_k.jpg","og:image:secure_url":"https:\/\/casa-velha.com\/wp-content\/uploads\/2023\/05\/51202534146_9f590a4849_k.jpg","article:published_time":"2026-04-30T13:53:22+00:00","article:modified_time":"2026-08-30T17:55:53+00:00","article:publisher":"https:\/\/www.facebook.com\/hotelcasavelhadopalheiro","twitter:card":"summary_large_image","twitter:site":"@palheiroestate","twitter:title":"&quot;Arraial Gourmet&quot; at Casa Velha do Palheiro - Casa Velha do Palheiro","twitter:description":"&quot;Arraial Gourmet&quot; in the gardens of Casa Velha do Palheiro, Relais &amp; Ch\u00e2teaux \u2014 a celebration of flavours, tradition, and creativity surrounded by nature. On August 29th, from 7pm, the gardens of Casa Velha do Palheiro will become the stage for an exclusive gastronomic experience, where the authenticity of Madeiran tradition meets the innovation of contemporary","twitter:creator":"@palheiroestate","twitter:image":"https:\/\/casa-velha.com\/wp-content\/uploads\/2023\/05\/51202534146_9f590a4849_k.jpg"},"aioseo_meta_data":{"post_id":"30948","title":null,"description":null,"keywords":null,"keyphrases":{"focus":[],"additional":[]},"primary_term":null,"canonical_url":null,"og_title":null,"og_description":null,"og_object_type":"default","og_image_type":"default","og_image_url":null,"og_image_width":null,"og_image_height":null,"og_image_custom_url":null,"og_image_custom_fields":null,"og_video":"","og_custom_url":null,"og_article_section":null,"og_article_tags":null,"twitter_use_og":false,"twitter_card":"default","twitter_image_type":"default","twitter_image_url":null,"twitter_image_custom_url":null,"twitter_image_custom_fields":null,"twitter_title":null,"twitter_description":null,"schema":{"blockGraphs":[],"customGraphs":[],"default":{"data":{"Article":[],"Course":[],"Dataset":[],"FAQPage":[],"Movie":[],"Person":[],"Product":[],"ProductReview":[],"Car":[],"Recipe":[],"Service":[],"SoftwareApplication":[],"WebPage":[]},"graphName":"BlogPosting","isEnabled":true},"graphs":[]},"schema_type":"default","schema_type_options":null,"pillar_content":false,"robots_default":true,"robots_noindex":false,"robots_noarchive":false,"robots_nosnippet":false,"robots_nofollow":false,"robots_noimageindex":false,"robots_noodp":false,"robots_notranslate":false,"robots_max_snippet":"-1","robots_max_videopreview":"-1","robots_max_imagepreview":"large","priority":null,"frequency":"default","local_seo":null,"breadcrumb_settings":null,"limit_modified_date":false,"ai":{"faqs":[],"keyPoints":[],"titles":[],"descriptions":[],"socialPosts":{"email":[],"linkedin":[],"twitter":[],"facebook":[],"instagram":[]}},"created":"2026-04-28 13:53:23","updated":"2026-08-30 18:58:34","focus_keyword":null,"additional_keywords":null,"truseo_locale":null,"seo_analyzer_scan_date":null},"aioseo_breadcrumb":"<div class=\"aioseo-breadcrumbs\"><span class=\"aioseo-breadcrumb\">\n\t\t\t<a href=\"https:\/\/casa-velha.com\/pt\" title=\"Home\">Home<\/a>\n\t\t<\/span><span class=\"aioseo-breadcrumb-separator\">&raquo;<\/span><span class=\"aioseo-breadcrumb\">\n\t\t\t<a href=\"https:\/\/casa-velha.com\/pt\/category\/past-events\/\" title=\"Past Events\">Past Events<\/a>\n\t\t<\/span><span class=\"aioseo-breadcrumb-separator\">&raquo;<\/span><span class=\"aioseo-breadcrumb\">\n\t\t\t\"Arraial Gourmet\" at Casa Velha do Palheiro\n\t\t<\/span><\/div>","aioseo_breadcrumb_json":[{"label":"Home","link":"https:\/\/casa-velha.com\/pt"},{"label":"Past Events","link":"https:\/\/casa-velha.com\/pt\/category\/past-events\/"},{"label":"\"Arraial Gourmet\" at Casa Velha do Palheiro","link":"https:\/\/casa-velha.com\/pt\/arraial-gourmet-at-casa-velha-do-palheiro\/"}],"_links":{"self":[{"href":"https:\/\/casa-velha.com\/pt\/wp-json\/wp\/v2\/posts\/30948","targetHints":{"allow":["GET"]}}],"collection":[{"href":"https:\/\/casa-velha.com\/pt\/wp-json\/wp\/v2\/posts"}],"about":[{"href":"https:\/\/casa-velha.com\/pt\/wp-json\/wp\/v2\/types\/post"}],"author":[{"embeddable":true,"href":"https:\/\/casa-velha.com\/pt\/wp-json\/wp\/v2\/users\/1"}],"replies":[{"embeddable":true,"href":"https:\/\/casa-velha.com\/pt\/wp-json\/wp\/v2\/comments?post=30948"}],"version-history":[{"count":20,"href":"https:\/\/casa-velha.com\/pt\/wp-json\/wp\/v2\/posts\/30948\/revisions"}],"predecessor-version":[{"id":31058,"href":"https:\/\/casa-velha.com\/pt\/wp-json\/wp\/v2\/posts\/30948\/revisions\/31058"}],"wp:featuredmedia":[{"embeddable":true,"href":"https:\/\/casa-velha.com\/pt\/wp-json\/wp\/v2\/media\/30949"}],"wp:attachment":[{"href":"https:\/\/casa-velha.com\/pt\/wp-json\/wp\/v2\/media?parent=30948"}],"wp:term":[{"taxonomy":"category","embeddable":true,"href":"https:\/\/casa-velha.com\/pt\/wp-json\/wp\/v2\/categories?post=30948"},{"taxonomy":"post_tag","embeddable":true,"href":"https:\/\/casa-velha.com\/pt\/wp-json\/wp\/v2\/tags?post=30948"}],"curies":[{"name":"wp","href":"https:\/\/api.w.org\/{rel}","templated":true}]}}